{"id":589,"date":"2022-02-11T12:53:32","date_gmt":"2022-02-11T12:53:32","guid":{"rendered":"https:\/\/elenaalbertiveterinaria.com\/?p=589"},"modified":"2023-06-19T13:04:41","modified_gmt":"2023-06-19T13:04:41","slug":"dia-de-la-mujer-y-la-nina-en-la-ciencia","status":"publish","type":"post","link":"https:\/\/elenaalbertiveterinaria.com\/en\/uncategorized\/dia-de-la-mujer-y-la-nina-en-la-ciencia\/","title":{"rendered":"D\u00eda de la mujer y la ni\u00f1a en la ciencia."},"content":{"rendered":"<p>Hoy 11 de febrero es el d\u00eda de la mujer y la ni\u00f1a en la ciencia.<\/p>\n\n\n\n<p>Esta iniciativa, promovida por la ONU el a\u00f1o 2015, dentro de la agenda del desarrollo sostenible, quiere poner de manifiesto la necesidad de equilibrar la participaci\u00f3n de las mujeres y ni\u00f1as en la ciencia, a trav\u00e9s de visibilizar la labor de las mujeres en todos los organismos cient\u00edficos, a trav\u00e9s de actividades de educaci\u00f3n y sensibilizaci\u00f3n p\u00fablica.<\/p>\n\n\n\n<p>Est\u00e1 claro que tanto en el sector de la ciencia, como en muchos otros, el papel de la mujer se ha borrado de la historia de forma persistente. Tanto es as\u00ed, que somos incapaces de nombrar apenas algunas mujeres cient\u00edficas, cuando s\u00ed que nos vienen a la memoria innumerables nombres de cient\u00edficos. Este desequilibrio hist\u00f3rico, hace que las ni\u00f1as, carezcan de referentes femeninos en la ciencia en los que puedan identificarse o verse reflejadas, para apuntar sus sue\u00f1os y objetivos de futuro.<\/p>\n\n\n\n<figure class=\"wp-block-image size-full\"><img loading=\"lazy\" decoding=\"async\" width=\"320\" height=\"212\" src=\"https:\/\/elenaalbertiveterinaria.com\/wp-content\/uploads\/2023\/06\/pexels-pixabay-2156.jpg\" alt=\"\" class=\"wp-image-591\" srcset=\"https:\/\/elenaalbertiveterinaria.com\/wp-content\/uploads\/2023\/06\/pexels-pixabay-2156.jpg 320w, https:\/\/elenaalbertiveterinaria.com\/wp-content\/uploads\/2023\/06\/pexels-pixabay-2156-300x199.jpg 300w\" sizes=\"(max-width: 320px) 100vw, 320px\" \/><\/figure>\n\n\n\n<p>Es importante dar a conocer que la capacidad intelectual y de tener \u201c\u00e9xito\u201d en la vida, no van asociadas a ning\u00fan g\u00e9nero, de manera que las ni\u00f1as no se consideren menos capaces de brillar que los hombres.<\/p>\n\n\n\n<p>Las mujeres que llegan a puestos de responsabilidad como investigadoras, sigue siendo bajo. Y es que el problema, en mi opini\u00f3n, sigue siendo para las mujeres, el hecho de verse obligadas a sacrificar su maternidad por su vida profesional.<\/p>\n\n\n\n<figure class=\"wp-block-image size-full\"><img loading=\"lazy\" decoding=\"async\" width=\"320\" height=\"212\" src=\"https:\/\/elenaalbertiveterinaria.com\/wp-content\/uploads\/2023\/06\/pexels-pixabay-256262.jpg\" alt=\"\" class=\"wp-image-592\" srcset=\"https:\/\/elenaalbertiveterinaria.com\/wp-content\/uploads\/2023\/06\/pexels-pixabay-256262.jpg 320w, https:\/\/elenaalbertiveterinaria.com\/wp-content\/uploads\/2023\/06\/pexels-pixabay-256262-300x199.jpg 300w\" sizes=\"(max-width: 320px) 100vw, 320px\" \/><\/figure>\n\n\n\n<p>La sociedad actual sigue sin poner nada f\u00e1cil para la mujer la conciliaci\u00f3n del trabajo cient\u00edfico con la vida familiar. De manera que, aunque se empiece en la vida cient\u00edfica con los a\u00f1os de doctorado, pocas son las que perseveran en esta lucha de horas interminables de trabajo (muchas veces m\u00e1s entre papeles que entre laboratorios) codo a codo con sus compa\u00f1eros hombres, a los cuales no les espera ning\u00fan beb\u00e9 que amamantar en casa.<\/p>\n\n\n\n<p>\u00bfC\u00f3mo solucionar esto?<\/p>\n\n\n\n<p>En las escuelas ya se empieza, despacito, a nombrar a mujeres como referentes en distintas disciplinas, incluidas la cient\u00edfica. Esto hace que, al menos las ni\u00f1as, ya empiecen a ver mujeres en todos los \u00e1mbitos de la sociedad. El problema viene cuando las mujeres tienen hijos. Nos hemos equiparado a los hombres en muchas cosas, pero esta capacidad de ser madres, en la sociedad en la que vivimos, parece m\u00e1s una carga que una bendici\u00f3n.<\/p>\n\n\n\n<figure class=\"wp-block-image size-full\"><img loading=\"lazy\" decoding=\"async\" width=\"320\" height=\"180\" src=\"https:\/\/elenaalbertiveterinaria.com\/wp-content\/uploads\/2023\/06\/pexels-artem-podrez-5726835.jpg\" alt=\"\" class=\"wp-image-593\" srcset=\"https:\/\/elenaalbertiveterinaria.com\/wp-content\/uploads\/2023\/06\/pexels-artem-podrez-5726835.jpg 320w, https:\/\/elenaalbertiveterinaria.com\/wp-content\/uploads\/2023\/06\/pexels-artem-podrez-5726835-300x169.jpg 300w\" sizes=\"(max-width: 320px) 100vw, 320px\" \/><\/figure>\n\n\n\n<p>La madre de ni\u00f1os j\u00f3venes (y aqu\u00ed me estoy refiriendo a menores de 7 a\u00f1os, por lo menos) tendr\u00eda que tener unos horarios y exigencias diferentes que las de los hombres. Y esto no tendr\u00eda que repercutir en su salario, sus horas cotizadas ni en su grado de implicaci\u00f3n y responsabilidad.<\/p>\n\n\n\n<p>Es un tema complejo, pero igual que defendemos las jubilaciones de los m\u00e1s mayores, tendr\u00edamos que defender, aun m\u00e1s, la labor de las madres que cr\u00edan a sus hijos para ser unas personas emp\u00e1ticas y que respeten al pr\u00f3jimo y al planeta (que tanta falta le hace), ya que esto repercutir\u00e1 en la sociedad misma y se evitar\u00edan muchos otros problemas.<\/p>\n\n\n\n<p>Hoy reivindicamos el papel femenino en la ciencia, pero de nada sirve decirlo si no se facilita el poder estar de forma estable en este sector por parte de la sociedad, sobretodo cuando se tiene hijos. Mientras esto no cambie, las mujeres seguiremos vi\u00e9ndonos obligadas a tener que renunciar a una cosa o a otra o a tener que sacrificar los hijos por el trabajo o la vida profesional para poder criar una familia con valores, en una sociedad cada vez m\u00e1s exigente, digitalizada y hip\u00f3crita.<\/p>\n\n\n\n<p>\u00a1Adelante mujeres y ni\u00f1as! \u00a1El mundo es de las valientes que plantan cara!<\/p>\n\n\n\n<figure class=\"wp-block-image size-full\"><img loading=\"lazy\" decoding=\"async\" width=\"320\" height=\"214\" src=\"https:\/\/elenaalbertiveterinaria.com\/wp-content\/uploads\/2023\/06\/pexels-alex-andrews-1203808.jpg\" alt=\"\" class=\"wp-image-594\" srcset=\"https:\/\/elenaalbertiveterinaria.com\/wp-content\/uploads\/2023\/06\/pexels-alex-andrews-1203808.jpg 320w, https:\/\/elenaalbertiveterinaria.com\/wp-content\/uploads\/2023\/06\/pexels-alex-andrews-1203808-300x201.jpg 300w\" sizes=\"(max-width: 320px) 100vw, 320px\" \/><\/figure>\n\n\n\n<p>Todo est\u00e1 por hacer y todo es posible. No os desanim\u00e9is, porque formamos una tribu de mujeres y la sororidad entre nosotras, nos llevar\u00e1 lejos, despacio quiz\u00e1s, pero sin duda, tan lejos como nos lleven nuestros sue\u00f1os.<\/p>","protected":false},"excerpt":{"rendered":"<p>Hoy 11 de febrero es el d\u00eda de la mujer y la ni\u00f1a en la ciencia. Esta iniciativa, promovida por la ONU el a\u00f1o 2015, dentro de la agenda del desarrollo sostenible, quiere poner de manifiesto la necesidad de equilibrar la participaci\u00f3n de las mujeres y ni\u00f1as en la ciencia, a trav\u00e9s de visibilizar la [&hellip;]<\/p>","protected":false},"author":1,"featured_media":590,"comment_status":"open","ping_status":"open","sticky":false,"template":"","format":"standard","meta":{"_et_pb_use_builder":"off","_et_pb_old_content":"","_et_gb_content_width":"","om_disable_all_campaigns":false,"_monsterinsights_skip_tracking":false,"_monsterinsights_sitenote_active":false,"_monsterinsights_sitenote_note":"","_monsterinsights_sitenote_category":0,"_uf_show_specific_survey":0,"_uf_disable_surveys":false,"footnotes":""},"categories":[1],"tags":[21,16],"aioseo_notices":[],"yoast_head":"<!-- This site is optimized with the Yoast SEO plugin v22.9 - https:\/\/yoast.com\/wordpress\/plugins\/seo\/ -->\n<title>D\u00eda de la mujer y la ni\u00f1a en la ciencia. - Elena Alberti<\/title>\n<meta name=\"robots\" content=\"index, follow, max-snippet:-1, max-image-preview:large, max-video-preview:-1\" \/>\n<link rel=\"canonical\" href=\"https:\/\/elenaalbertiveterinaria.com\/en\/uncategorized\/dia-de-la-mujer-y-la-nina-en-la-ciencia\/\" \/>\n<meta property=\"og:locale\" content=\"en_GB\" \/>\n<meta property=\"og:type\" content=\"article\" \/>\n<meta property=\"og:title\" content=\"D\u00eda de la mujer y la ni\u00f1a en la ciencia. - Elena Alberti\" \/>\n<meta property=\"og:description\" content=\"Hoy 11 de febrero es el d\u00eda de la mujer y la ni\u00f1a en la ciencia. Esta iniciativa, promovida por la ONU el a\u00f1o 2015, dentro de la agenda del desarrollo sostenible, quiere poner de manifiesto la necesidad de equilibrar la participaci\u00f3n de las mujeres y ni\u00f1as en la ciencia, a trav\u00e9s de visibilizar la [&hellip;]\" \/>\n<meta property=\"og:url\" content=\"https:\/\/elenaalbertiveterinaria.com\/en\/uncategorized\/dia-de-la-mujer-y-la-nina-en-la-ciencia\/\" \/>\n<meta property=\"og:site_name\" content=\"Elena Alberti\" \/>\n<meta property=\"article:published_time\" content=\"2022-02-11T12:53:32+00:00\" \/>\n<meta property=\"article:modified_time\" content=\"2023-06-19T13:04:41+00:00\" \/>\n<meta property=\"og:image\" content=\"https:\/\/elenaalbertiveterinaria.com\/wp-content\/uploads\/2023\/06\/pexels-thisisengineering-3862130.jpg\" \/>\n\t<meta property=\"og:image:width\" content=\"320\" \/>\n\t<meta property=\"og:image:height\" content=\"213\" \/>\n\t<meta property=\"og:image:type\" content=\"image\/jpeg\" \/>\n<meta name=\"author\" content=\"admin\" \/>\n<meta name=\"twitter:card\" content=\"summary_large_image\" \/>\n<meta name=\"twitter:label1\" content=\"Written by\" \/>\n\t<meta name=\"twitter:data1\" content=\"admin\" \/>\n\t<meta name=\"twitter:label2\" content=\"Estimated reading time\" \/>\n\t<meta name=\"twitter:data2\" content=\"3 minutes\" \/>\n<script type=\"application\/ld+json\" class=\"yoast-schema-graph\">{\"@context\":\"https:\/\/schema.org\",\"@graph\":[{\"@type\":\"Article\",\"@id\":\"https:\/\/elenaalbertiveterinaria.com\/uncategorized\/dia-de-la-mujer-y-la-nina-en-la-ciencia\/#article\",\"isPartOf\":{\"@id\":\"https:\/\/elenaalbertiveterinaria.com\/uncategorized\/dia-de-la-mujer-y-la-nina-en-la-ciencia\/\"},\"author\":{\"name\":\"admin\",\"@id\":\"https:\/\/elenaalbertiveterinaria.com\/#\/schema\/person\/f12248d3e423f4a151ab9b2c7f1c57a5\"},\"headline\":\"D\u00eda de la mujer y la ni\u00f1a en la ciencia.\",\"datePublished\":\"2022-02-11T12:53:32+00:00\",\"dateModified\":\"2023-06-19T13:04:41+00:00\",\"mainEntityOfPage\":{\"@id\":\"https:\/\/elenaalbertiveterinaria.com\/uncategorized\/dia-de-la-mujer-y-la-nina-en-la-ciencia\/\"},\"wordCount\":694,\"commentCount\":0,\"publisher\":{\"@id\":\"https:\/\/elenaalbertiveterinaria.com\/#organization\"},\"image\":{\"@id\":\"https:\/\/elenaalbertiveterinaria.com\/uncategorized\/dia-de-la-mujer-y-la-nina-en-la-ciencia\/#primaryimage\"},\"thumbnailUrl\":\"https:\/\/elenaalbertiveterinaria.com\/wp-content\/uploads\/2023\/06\/pexels-thisisengineering-3862130.jpg\",\"keywords\":[\"ciencia\",\"mujer\"],\"articleSection\":[\"Uncategorized\"],\"inLanguage\":\"en-GB\",\"potentialAction\":[{\"@type\":\"CommentAction\",\"name\":\"Comment\",\"target\":[\"https:\/\/elenaalbertiveterinaria.com\/uncategorized\/dia-de-la-mujer-y-la-nina-en-la-ciencia\/#respond\"]}]},{\"@type\":\"WebPage\",\"@id\":\"https:\/\/elenaalbertiveterinaria.com\/uncategorized\/dia-de-la-mujer-y-la-nina-en-la-ciencia\/\",\"url\":\"https:\/\/elenaalbertiveterinaria.com\/uncategorized\/dia-de-la-mujer-y-la-nina-en-la-ciencia\/\",\"name\":\"D\u00eda de la mujer y la ni\u00f1a en la ciencia. - Elena Alberti\",\"isPartOf\":{\"@id\":\"https:\/\/elenaalbertiveterinaria.com\/#website\"},\"primaryImageOfPage\":{\"@id\":\"https:\/\/elenaalbertiveterinaria.com\/uncategorized\/dia-de-la-mujer-y-la-nina-en-la-ciencia\/#primaryimage\"},\"image\":{\"@id\":\"https:\/\/elenaalbertiveterinaria.com\/uncategorized\/dia-de-la-mujer-y-la-nina-en-la-ciencia\/#primaryimage\"},\"thumbnailUrl\":\"https:\/\/elenaalbertiveterinaria.com\/wp-content\/uploads\/2023\/06\/pexels-thisisengineering-3862130.jpg\",\"datePublished\":\"2022-02-11T12:53:32+00:00\",\"dateModified\":\"2023-06-19T13:04:41+00:00\",\"breadcrumb\":{\"@id\":\"https:\/\/elenaalbertiveterinaria.com\/uncategorized\/dia-de-la-mujer-y-la-nina-en-la-ciencia\/#breadcrumb\"},\"inLanguage\":\"en-GB\",\"potentialAction\":[{\"@type\":\"ReadAction\",\"target\":[\"https:\/\/elenaalbertiveterinaria.com\/uncategorized\/dia-de-la-mujer-y-la-nina-en-la-ciencia\/\"]}]},{\"@type\":\"ImageObject\",\"inLanguage\":\"en-GB\",\"@id\":\"https:\/\/elenaalbertiveterinaria.com\/uncategorized\/dia-de-la-mujer-y-la-nina-en-la-ciencia\/#primaryimage\",\"url\":\"https:\/\/elenaalbertiveterinaria.com\/wp-content\/uploads\/2023\/06\/pexels-thisisengineering-3862130.jpg\",\"contentUrl\":\"https:\/\/elenaalbertiveterinaria.com\/wp-content\/uploads\/2023\/06\/pexels-thisisengineering-3862130.jpg\",\"width\":320,\"height\":213},{\"@type\":\"BreadcrumbList\",\"@id\":\"https:\/\/elenaalbertiveterinaria.com\/uncategorized\/dia-de-la-mujer-y-la-nina-en-la-ciencia\/#breadcrumb\",\"itemListElement\":[{\"@type\":\"ListItem\",\"position\":1,\"name\":\"Portada\",\"item\":\"https:\/\/elenaalbertiveterinaria.com\/\"},{\"@type\":\"ListItem\",\"position\":2,\"name\":\"D\u00eda de la mujer y la ni\u00f1a en la ciencia.\"}]},{\"@type\":\"WebSite\",\"@id\":\"https:\/\/elenaalbertiveterinaria.com\/#website\",\"url\":\"https:\/\/elenaalbertiveterinaria.com\/\",\"name\":\"Elena Alberti\",\"description\":\"Experta en citolog\u00edas y talleres para escuelas\",\"publisher\":{\"@id\":\"https:\/\/elenaalbertiveterinaria.com\/#organization\"},\"potentialAction\":[{\"@type\":\"SearchAction\",\"target\":{\"@type\":\"EntryPoint\",\"urlTemplate\":\"https:\/\/elenaalbertiveterinaria.com\/?s={search_term_string}\"},\"query-input\":\"required name=search_term_string\"}],\"inLanguage\":\"en-GB\"},{\"@type\":\"Organization\",\"@id\":\"https:\/\/elenaalbertiveterinaria.com\/#organization\",\"name\":\"Elena Alberti\",\"url\":\"https:\/\/elenaalbertiveterinaria.com\/\",\"logo\":{\"@type\":\"ImageObject\",\"inLanguage\":\"en-GB\",\"@id\":\"https:\/\/elenaalbertiveterinaria.com\/#\/schema\/logo\/image\/\",\"url\":\"https:\/\/elenaalbertiveterinaria.com\/wp-content\/uploads\/2023\/04\/logoelena_nuevo.png\",\"contentUrl\":\"https:\/\/elenaalbertiveterinaria.com\/wp-content\/uploads\/2023\/04\/logoelena_nuevo.png\",\"width\":2048,\"height\":2048,\"caption\":\"Elena Alberti\"},\"image\":{\"@id\":\"https:\/\/elenaalbertiveterinaria.com\/#\/schema\/logo\/image\/\"}},{\"@type\":\"Person\",\"@id\":\"https:\/\/elenaalbertiveterinaria.com\/#\/schema\/person\/f12248d3e423f4a151ab9b2c7f1c57a5\",\"name\":\"admin\",\"image\":{\"@type\":\"ImageObject\",\"inLanguage\":\"en-GB\",\"@id\":\"https:\/\/elenaalbertiveterinaria.com\/#\/schema\/person\/image\/\",\"url\":\"https:\/\/secure.gravatar.com\/avatar\/dafa654d5ce43f8ab272b4f3d662ebf5?s=96&d=mm&r=g\",\"contentUrl\":\"https:\/\/secure.gravatar.com\/avatar\/dafa654d5ce43f8ab272b4f3d662ebf5?s=96&d=mm&r=g\",\"caption\":\"admin\"},\"url\":\"https:\/\/elenaalbertiveterinaria.com\/en\/author\/admin\/\"}]}<\/script>\n<!-- \/ Yoast SEO plugin. -->","yoast_head_json":{"title":"D\u00eda de la mujer y la ni\u00f1a en la ciencia. - Elena Alberti","robots":{"index":"index","follow":"follow","max-snippet":"max-snippet:-1","max-image-preview":"max-image-preview:large","max-video-preview":"max-video-preview:-1"},"canonical":"https:\/\/elenaalbertiveterinaria.com\/en\/uncategorized\/dia-de-la-mujer-y-la-nina-en-la-ciencia\/","og_locale":"en_GB","og_type":"article","og_title":"D\u00eda de la mujer y la ni\u00f1a en la ciencia. - Elena Alberti","og_description":"Hoy 11 de febrero es el d\u00eda de la mujer y la ni\u00f1a en la ciencia. Esta iniciativa, promovida por la ONU el a\u00f1o 2015, dentro de la agenda del desarrollo sostenible, quiere poner de manifiesto la necesidad de equilibrar la participaci\u00f3n de las mujeres y ni\u00f1as en la ciencia, a trav\u00e9s de visibilizar la [&hellip;]","og_url":"https:\/\/elenaalbertiveterinaria.com\/en\/uncategorized\/dia-de-la-mujer-y-la-nina-en-la-ciencia\/","og_site_name":"Elena Alberti","article_published_time":"2022-02-11T12:53:32+00:00","article_modified_time":"2023-06-19T13:04:41+00:00","og_image":[{"width":320,"height":213,"url":"https:\/\/elenaalbertiveterinaria.com\/wp-content\/uploads\/2023\/06\/pexels-thisisengineering-3862130.jpg","type":"image\/jpeg"}],"author":"admin","twitter_card":"summary_large_image","twitter_misc":{"Written by":"admin","Estimated reading time":"3 minutes"},"schema":{"@context":"https:\/\/schema.org","@graph":[{"@type":"Article","@id":"https:\/\/elenaalbertiveterinaria.com\/uncategorized\/dia-de-la-mujer-y-la-nina-en-la-ciencia\/#article","isPartOf":{"@id":"https:\/\/elenaalbertiveterinaria.com\/uncategorized\/dia-de-la-mujer-y-la-nina-en-la-ciencia\/"},"author":{"name":"admin","@id":"https:\/\/elenaalbertiveterinaria.com\/#\/schema\/person\/f12248d3e423f4a151ab9b2c7f1c57a5"},"headline":"D\u00eda de la mujer y la ni\u00f1a en la ciencia.","datePublished":"2022-02-11T12:53:32+00:00","dateModified":"2023-06-19T13:04:41+00:00","mainEntityOfPage":{"@id":"https:\/\/elenaalbertiveterinaria.com\/uncategorized\/dia-de-la-mujer-y-la-nina-en-la-ciencia\/"},"wordCount":694,"commentCount":0,"publisher":{"@id":"https:\/\/elenaalbertiveterinaria.com\/#organization"},"image":{"@id":"https:\/\/elenaalbertiveterinaria.com\/uncategorized\/dia-de-la-mujer-y-la-nina-en-la-ciencia\/#primaryimage"},"thumbnailUrl":"https:\/\/elenaalbertiveterinaria.com\/wp-content\/uploads\/2023\/06\/pexels-thisisengineering-3862130.jpg","keywords":["ciencia","mujer"],"articleSection":["Uncategorized"],"inLanguage":"en-GB","potentialAction":[{"@type":"CommentAction","name":"Comment","target":["https:\/\/elenaalbertiveterinaria.com\/uncategorized\/dia-de-la-mujer-y-la-nina-en-la-ciencia\/#respond"]}]},{"@type":"WebPage","@id":"https:\/\/elenaalbertiveterinaria.com\/uncategorized\/dia-de-la-mujer-y-la-nina-en-la-ciencia\/","url":"https:\/\/elenaalbertiveterinaria.com\/uncategorized\/dia-de-la-mujer-y-la-nina-en-la-ciencia\/","name":"D\u00eda de la mujer y la ni\u00f1a en la ciencia. - Elena Alberti","isPartOf":{"@id":"https:\/\/elenaalbertiveterinaria.com\/#website"},"primaryImageOfPage":{"@id":"https:\/\/elenaalbertiveterinaria.com\/uncategorized\/dia-de-la-mujer-y-la-nina-en-la-ciencia\/#primaryimage"},"image":{"@id":"https:\/\/elenaalbertiveterinaria.com\/uncategorized\/dia-de-la-mujer-y-la-nina-en-la-ciencia\/#primaryimage"},"thumbnailUrl":"https:\/\/elenaalbertiveterinaria.com\/wp-content\/uploads\/2023\/06\/pexels-thisisengineering-3862130.jpg","datePublished":"2022-02-11T12:53:32+00:00","dateModified":"2023-06-19T13:04:41+00:00","breadcrumb":{"@id":"https:\/\/elenaalbertiveterinaria.com\/uncategorized\/dia-de-la-mujer-y-la-nina-en-la-ciencia\/#breadcrumb"},"inLanguage":"en-GB","potentialAction":[{"@type":"ReadAction","target":["https:\/\/elenaalbertiveterinaria.com\/uncategorized\/dia-de-la-mujer-y-la-nina-en-la-ciencia\/"]}]},{"@type":"ImageObject","inLanguage":"en-GB","@id":"https:\/\/elenaalbertiveterinaria.com\/uncategorized\/dia-de-la-mujer-y-la-nina-en-la-ciencia\/#primaryimage","url":"https:\/\/elenaalbertiveterinaria.com\/wp-content\/uploads\/2023\/06\/pexels-thisisengineering-3862130.jpg","contentUrl":"https:\/\/elenaalbertiveterinaria.com\/wp-content\/uploads\/2023\/06\/pexels-thisisengineering-3862130.jpg","width":320,"height":213},{"@type":"BreadcrumbList","@id":"https:\/\/elenaalbertiveterinaria.com\/uncategorized\/dia-de-la-mujer-y-la-nina-en-la-ciencia\/#breadcrumb","itemListElement":[{"@type":"ListItem","position":1,"name":"Portada","item":"https:\/\/elenaalbertiveterinaria.com\/"},{"@type":"ListItem","position":2,"name":"D\u00eda de la mujer y la ni\u00f1a en la ciencia."}]},{"@type":"WebSite","@id":"https:\/\/elenaalbertiveterinaria.com\/#website","url":"https:\/\/elenaalbertiveterinaria.com\/","name":"Elena Alberti","description":"Experta en citolog\u00edas y talleres para escuelas","publisher":{"@id":"https:\/\/elenaalbertiveterinaria.com\/#organization"},"potentialAction":[{"@type":"SearchAction","target":{"@type":"EntryPoint","urlTemplate":"https:\/\/elenaalbertiveterinaria.com\/?s={search_term_string}"},"query-input":"required name=search_term_string"}],"inLanguage":"en-GB"},{"@type":"Organization","@id":"https:\/\/elenaalbertiveterinaria.com\/#organization","name":"Elena Alberti","url":"https:\/\/elenaalbertiveterinaria.com\/","logo":{"@type":"ImageObject","inLanguage":"en-GB","@id":"https:\/\/elenaalbertiveterinaria.com\/#\/schema\/logo\/image\/","url":"https:\/\/elenaalbertiveterinaria.com\/wp-content\/uploads\/2023\/04\/logoelena_nuevo.png","contentUrl":"https:\/\/elenaalbertiveterinaria.com\/wp-content\/uploads\/2023\/04\/logoelena_nuevo.png","width":2048,"height":2048,"caption":"Elena Alberti"},"image":{"@id":"https:\/\/elenaalbertiveterinaria.com\/#\/schema\/logo\/image\/"}},{"@type":"Person","@id":"https:\/\/elenaalbertiveterinaria.com\/#\/schema\/person\/f12248d3e423f4a151ab9b2c7f1c57a5","name":"admin","image":{"@type":"ImageObject","inLanguage":"en-GB","@id":"https:\/\/elenaalbertiveterinaria.com\/#\/schema\/person\/image\/","url":"https:\/\/secure.gravatar.com\/avatar\/dafa654d5ce43f8ab272b4f3d662ebf5?s=96&d=mm&r=g","contentUrl":"https:\/\/secure.gravatar.com\/avatar\/dafa654d5ce43f8ab272b4f3d662ebf5?s=96&d=mm&r=g","caption":"admin"},"url":"https:\/\/elenaalbertiveterinaria.com\/en\/author\/admin\/"}]}},"_links":{"self":[{"href":"https:\/\/elenaalbertiveterinaria.com\/en\/wp-json\/wp\/v2\/posts\/589"}],"collection":[{"href":"https:\/\/elenaalbertiveterinaria.com\/en\/wp-json\/wp\/v2\/posts"}],"about":[{"href":"https:\/\/elenaalbertiveterinaria.com\/en\/wp-json\/wp\/v2\/types\/post"}],"author":[{"embeddable":true,"href":"https:\/\/elenaalbertiveterinaria.com\/en\/wp-json\/wp\/v2\/users\/1"}],"replies":[{"embeddable":true,"href":"https:\/\/elenaalbertiveterinaria.com\/en\/wp-json\/wp\/v2\/comments?post=589"}],"version-history":[{"count":1,"href":"https:\/\/elenaalbertiveterinaria.com\/en\/wp-json\/wp\/v2\/posts\/589\/revisions"}],"predecessor-version":[{"id":595,"href":"https:\/\/elenaalbertiveterinaria.com\/en\/wp-json\/wp\/v2\/posts\/589\/revisions\/595"}],"wp:featuredmedia":[{"embeddable":true,"href":"https:\/\/elenaalbertiveterinaria.com\/en\/wp-json\/wp\/v2\/media\/590"}],"wp:attachment":[{"href":"https:\/\/elenaalbertiveterinaria.com\/en\/wp-json\/wp\/v2\/media?parent=589"}],"wp:term":[{"taxonomy":"category","embeddable":true,"href":"https:\/\/elenaalbertiveterinaria.com\/en\/wp-json\/wp\/v2\/categories?post=589"},{"taxonomy":"post_tag","embeddable":true,"href":"https:\/\/elenaalbertiveterinaria.com\/en\/wp-json\/wp\/v2\/tags?post=589"}],"curies":[{"name":"wp","href":"https:\/\/api.w.org\/{rel}","templated":true}]}}